{"id":1492,"date":"2010-11-09T18:40:04","date_gmt":"2010-11-09T16:40:04","guid":{"rendered":"http:\/\/schermbeck.zeit-fuer-gruen.de\/?p=1492"},"modified":"2010-11-09T18:40:04","modified_gmt":"2010-11-09T16:40:04","slug":"minister-remmel-wald-bleibt-wald","status":"publish","type":"post","link":"https:\/\/gruene-schermbeck.de\/?p=1492","title":{"rendered":"Minister Remmel: Wald bleibt Wald"},"content":{"rendered":"<p><strong>Keine Energieholzplantagen im Wald<\/strong><\/p>\n<p>Das Umweltministerium des Landes Nordrhein-Westfalen hat einen Erlass zur Anlage von Energieholzplantagen <!--more-->aufgehoben. Der Erlass der Vorg\u00e4ngerregierung regelte, dass die sogenannten Kurzumtriebsplantagen auch im Wald betrieben werden k\u00f6nnen. &#8222;Wir wollen keine Holz-Plantagen im Wald. Sie entsprechen nicht dem Sinne des Waldes und dienen nicht dem Naturschutz&#8220;, sagte Umweltminister Johannes Remmel.<\/p>\n<p>Mit \u00c4nderung des Bundeswaldgesetzes sind Kurzumtriebsplantagen kein Wald mehr im Sinne des Gesetzes. Das bedeutet, dass bei der Anlage von Kurzumtriebsplantagen auf Waldfl\u00e4chen k\u00fcnftig eine Umwandlungsgenehmigung erforderlich ist. F\u00fcr die Anlage von Kurzumtriebsplantagen auf landwirtschaftlichen Fl\u00e4chen ist weiterhin keine Erstaufforstungsgenehmigung erforderlich.<\/p>\n","protected":false},"excerpt":{"rendered":"<p>Keine Energieholzplantagen im Wald Das Umweltministerium des Landes Nordrhein-Westfalen hat einen Erlass zur Anlage von Energieholzplantagen<\/p>\n","protected":false},"author":-1,"featured_media":0,"comment_status":"open","ping_status":"open","sticky":false,"template":"","format":"standard","meta":{"footnotes":""},"categories":[1,7,15,22],"tags":[],"class_list":["post-1492","post","type-post","status-publish","format-standard","hentry","category-allgemein","category-energie","category-landwirtschaft","category-umwelt"],"_links":{"self":[{"href":"https:\/\/gruene-schermbeck.de\/index.php?rest_route=\/wp\/v2\/posts\/1492","targetHints":{"allow":["GET"]}}],"collection":[{"href":"https:\/\/gruene-schermbeck.de\/index.php?rest_route=\/wp\/v2\/posts"}],"about":[{"href":"https:\/\/gruene-schermbeck.de\/index.php?rest_route=\/wp\/v2\/types\/post"}],"author":[{"embeddable":true,"href":"https:\/\/gruene-schermbeck.de\/index.php?rest_route=\/wp\/v2\/users\/1"}],"replies":[{"embeddable":true,"href":"https:\/\/gruene-schermbeck.de\/index.php?rest_route=%2Fwp%2Fv2%2Fcomments&post=1492"}],"version-history":[{"count":0,"href":"https:\/\/gruene-schermbeck.de\/index.php?rest_route=\/wp\/v2\/posts\/1492\/revisions"}],"wp:attachment":[{"href":"https:\/\/gruene-schermbeck.de\/index.php?rest_route=%2Fwp%2Fv2%2Fmedia&parent=1492"}],"wp:term":[{"taxonomy":"category","embeddable":true,"href":"https:\/\/gruene-schermbeck.de\/index.php?rest_route=%2Fwp%2Fv2%2Fcategories&post=1492"},{"taxonomy":"post_tag","embeddable":true,"href":"https:\/\/gruene-schermbeck.de\/index.php?rest_route=%2Fwp%2Fv2%2Ftags&post=1492"}],"curies":[{"name":"wp","href":"https:\/\/api.w.org\/{rel}","templated":true}]}}