{"id":1513,"date":"2010-12-07T13:24:25","date_gmt":"2010-12-07T11:24:25","guid":{"rendered":"http:\/\/schermbeck.zeit-fuer-gruen.de\/?p=1513"},"modified":"2010-12-07T13:24:25","modified_gmt":"2010-12-07T11:24:25","slug":"anti-atom-demo-in-ahaus-am-12122010","status":"publish","type":"post","link":"https:\/\/gruene-schermbeck.de\/?p=1513","title":{"rendered":"Anti-Atom-Demo in Ahaus am 12.12.2010"},"content":{"rendered":"<p><strong>Demo findet nach wie vor statt<\/strong><\/p>\n<p>Die Atomm\u00fcll-Verschieberei von Ahaus ins russische Majak ist (vorerst) gestoppt. Nicht zuletzt das Engagement und die Aufkl\u00e4rung durch die Antiatom-Initiativen, aber auch durch die gr\u00fcne Partei haben hierzu beigetragen.<\/p>\n<p>B\u00fcndnis<strong><img loading=\"lazy\" decoding=\"async\" class=\"alignleft\" src=\"http:\/\/www.gruene-kreis-wesel.de\/typo3temp\/pics\/da46086b83.jpg\" alt=\"\" width=\"90\" height=\"90\" \/><\/strong>90\/Die Gr\u00fcnen Kreisverband Wesel und Ortsverband Schermbeck rufen dazu auf, an der angek\u00fcndigten Demonstration teilzunehmen, denn weiterhin glit: Die schwarz-gelbe Bundesregierung bleibt bei ihrem Pro-Atom-Kurs: l\u00e4ngere Laufzeiten f\u00fcr Atomkraftwerke. Wir GR\u00dcNEN <!--more-->wollen dann in einem breiten gesellschaftlichen B\u00fcndnis f\u00fcr den Ausstieg aus der Atomkraft und f\u00fcr einen konsequenten Ausbau der erneuerbaren Energien demonstrieren. Die Demo wird um 14 Uhr am Ahauser Atomm\u00fcll-Zwischenlager beginnen.<\/p>\n<p>Weitere Einzelheiten zur Demo sind auf <a href=\"http:\/\/www.kein-castor-nach-ahaus.de\" target=\"_self\">www.kein-castor-nach-ahaus.de<\/a> zu finden.<br \/>\n<strong><\/strong><\/p>\n<p><strong>Auf zum Anti-Atom-Advent nach Ahaus!<\/strong><\/p>\n<p><strong>Atomkraft &#8211; Nein Danke!<br \/>\n<\/strong><\/p>\n","protected":false},"excerpt":{"rendered":"<p>Demo findet nach wie vor statt Die Atomm\u00fcll-Verschieberei von Ahaus ins russische Majak ist (vorerst) gestoppt. Nicht zuletzt das Engagement und die Aufkl\u00e4rung durch die Antiatom-Initiativen, aber auch durch die [&hellip;]<\/p>\n","protected":false},"author":-1,"featured_media":0,"comment_status":"open","ping_status":"open","sticky":false,"template":"","format":"standard","meta":{"footnotes":""},"categories":[2,7,22],"tags":[],"class_list":["post-1513","post","type-post","status-publish","format-standard","hentry","category-atom","category-energie","category-umwelt"],"_links":{"self":[{"href":"https:\/\/gruene-schermbeck.de\/index.php?rest_route=\/wp\/v2\/posts\/1513","targetHints":{"allow":["GET"]}}],"collection":[{"href":"https:\/\/gruene-schermbeck.de\/index.php?rest_route=\/wp\/v2\/posts"}],"about":[{"href":"https:\/\/gruene-schermbeck.de\/index.php?rest_route=\/wp\/v2\/types\/post"}],"author":[{"embeddable":true,"href":"https:\/\/gruene-schermbeck.de\/index.php?rest_route=\/wp\/v2\/users\/1"}],"replies":[{"embeddable":true,"href":"https:\/\/gruene-schermbeck.de\/index.php?rest_route=%2Fwp%2Fv2%2Fcomments&post=1513"}],"version-history":[{"count":0,"href":"https:\/\/gruene-schermbeck.de\/index.php?rest_route=\/wp\/v2\/posts\/1513\/revisions"}],"wp:attachment":[{"href":"https:\/\/gruene-schermbeck.de\/index.php?rest_route=%2Fwp%2Fv2%2Fmedia&parent=1513"}],"wp:term":[{"taxonomy":"category","embeddable":true,"href":"https:\/\/gruene-schermbeck.de\/index.php?rest_route=%2Fwp%2Fv2%2Fcategories&post=1513"},{"taxonomy":"post_tag","embeddable":true,"href":"https:\/\/gruene-schermbeck.de\/index.php?rest_route=%2Fwp%2Fv2%2Ftags&post=1513"}],"curies":[{"name":"wp","href":"https:\/\/api.w.org\/{rel}","templated":true}]}}