{"id":1523,"date":"2010-12-14T14:08:38","date_gmt":"2010-12-14T12:08:38","guid":{"rendered":"http:\/\/schermbeck.zeit-fuer-gruen.de\/?p=1523"},"modified":"2013-05-25T18:05:29","modified_gmt":"2013-05-25T16:05:29","slug":"in-ahaus-dabei","status":"publish","type":"post","link":"https:\/\/gruene-schermbeck.de\/?p=1523","title":{"rendered":"In Ahaus dabei"},"content":{"rendered":"<p>[embedit snippet=&#8220;101214_html1&#8243;]<\/p>\n<p><!--more--><\/p>\n<p>[embedit snippet=&#8220;101214_html2&#8243;]<\/p>\n<p><strong>Unverantwortliche Atom-Transporte nach Russland vorerst gestoppt<\/strong><\/p>\n<p><strong><em>Dazu erkl\u00e4rt die Landesvorsitzende von B\u00fcndnis 90\/Die Gr\u00fcnen NRW, Monika D\u00fcker:<\/em><\/strong><\/p>\n<p>&#8222;Endlich ist es auch beim Umweltminister angekommen: Diese Transporte hochradioaktiver Brennelemente waren von Anfang an unverantwortlich.<\/p>\n<p>Weder f\u00fcr den Transport noch f\u00fcr die Lagerung in Majak konnte man von Sicherheitsstandards ausgehen, die diesen Transport gerechtfertigt h\u00e4tten. Die Debatten und der Druck der letzten Wochen haben endlich Wirkung gezeigt.<br \/>\nJetzt m\u00fcssen die Transporte auch dauerhaft verhindert und keine neuen Vereinbarungen f\u00fcr die R\u00fcckf\u00fchrung der Brennelemente getroffen werden.<br \/>\nWir danken insbesondere den Initiativen im M\u00fcnsterland f\u00fcr ihren Einsatz und der russischen Umweltorganisation ecodefense, die mit ihren Informationen und Aktionen \u00fcber die katastrophalen Zust\u00e4nde in Majak zu der Entscheidung beigetragen haben<\/p>\n<p>Auch die Innenminister von Bund und L\u00e4ndern haben in ihrem Beschluss mit klaren Worten deutlich gemacht, dass unn\u00f6tige Transporte verhindert werden m\u00fcssen und im Verbringungsland die gleichen Sicherheitsstandards wie in Deutschland zu gelten haben.&#8220;<\/p>\n","protected":false},"excerpt":{"rendered":"<p>[embedit snippet=&#8220;101214_html1&#8243;]<\/p>\n","protected":false},"author":-1,"featured_media":0,"comment_status":"open","ping_status":"open","sticky":false,"template":"","format":"standard","meta":{"footnotes":""},"categories":[2,7,22],"tags":[],"class_list":["post-1523","post","type-post","status-publish","format-standard","hentry","category-atom","category-energie","category-umwelt"],"_links":{"self":[{"href":"https:\/\/gruene-schermbeck.de\/index.php?rest_route=\/wp\/v2\/posts\/1523","targetHints":{"allow":["GET"]}}],"collection":[{"href":"https:\/\/gruene-schermbeck.de\/index.php?rest_route=\/wp\/v2\/posts"}],"about":[{"href":"https:\/\/gruene-schermbeck.de\/index.php?rest_route=\/wp\/v2\/types\/post"}],"author":[{"embeddable":true,"href":"https:\/\/gruene-schermbeck.de\/index.php?rest_route=\/wp\/v2\/users\/1"}],"replies":[{"embeddable":true,"href":"https:\/\/gruene-schermbeck.de\/index.php?rest_route=%2Fwp%2Fv2%2Fcomments&post=1523"}],"version-history":[{"count":3,"href":"https:\/\/gruene-schermbeck.de\/index.php?rest_route=\/wp\/v2\/posts\/1523\/revisions"}],"predecessor-version":[{"id":2437,"href":"https:\/\/gruene-schermbeck.de\/index.php?rest_route=\/wp\/v2\/posts\/1523\/revisions\/2437"}],"wp:attachment":[{"href":"https:\/\/gruene-schermbeck.de\/index.php?rest_route=%2Fwp%2Fv2%2Fmedia&parent=1523"}],"wp:term":[{"taxonomy":"category","embeddable":true,"href":"https:\/\/gruene-schermbeck.de\/index.php?rest_route=%2Fwp%2Fv2%2Fcategories&post=1523"},{"taxonomy":"post_tag","embeddable":true,"href":"https:\/\/gruene-schermbeck.de\/index.php?rest_route=%2Fwp%2Fv2%2Ftags&post=1523"}],"curies":[{"name":"wp","href":"https:\/\/api.w.org\/{rel}","templated":true}]}}