{"id":1612,"date":"2011-03-26T15:22:22","date_gmt":"2011-03-26T13:22:22","guid":{"rendered":"http:\/\/schermbeck.zeit-fuer-gruen.de\/?p=1612"},"modified":"2013-05-25T17:59:06","modified_gmt":"2013-05-25T15:59:06","slug":"grossdemo-in-koeln","status":"publish","type":"post","link":"https:\/\/gruene-schermbeck.de\/?p=1612","title":{"rendered":"Gro\u00dfdemo in K\u00f6ln"},"content":{"rendered":"<p>Auch aus Schermbeck, H\u00fcnxe und Dorsten nahmen eine ganze Reihe von B\u00fcrgerinnen und B\u00fcrgern an der Anti-Atom-Demo in K\u00f6ln teil und mischten sich unter die 40.000 Demonstrationsteilnhmer.<br \/>\n[embedit snippet=&#8220;110326_html1&#8243;]<\/p>\n","protected":false},"excerpt":{"rendered":"<p>Auch aus Schermbeck, H\u00fcnxe und Dorsten nahmen eine ganze Reihe von B\u00fcrgerinnen und B\u00fcrgern an der Anti-Atom-Demo in K\u00f6ln teil und mischten sich unter die 40.000 Demonstrationsteilnhmer. [embedit snippet=&#8220;110326_html1&#8243;]<\/p>\n","protected":false},"author":-1,"featured_media":0,"comment_status":"open","ping_status":"open","sticky":false,"template":"","format":"standard","meta":{"footnotes":""},"categories":[1,2],"tags":[79,112],"class_list":["post-1612","post","type-post","status-publish","format-standard","hentry","category-allgemein","category-atom","tag-gruene-wesel","tag-neues-schlagwort-hinzufuegen"],"_links":{"self":[{"href":"https:\/\/gruene-schermbeck.de\/index.php?rest_route=\/wp\/v2\/posts\/1612","targetHints":{"allow":["GET"]}}],"collection":[{"href":"https:\/\/gruene-schermbeck.de\/index.php?rest_route=\/wp\/v2\/posts"}],"about":[{"href":"https:\/\/gruene-schermbeck.de\/index.php?rest_route=\/wp\/v2\/types\/post"}],"author":[{"embeddable":true,"href":"https:\/\/gruene-schermbeck.de\/index.php?rest_route=\/wp\/v2\/users\/1"}],"replies":[{"embeddable":true,"href":"https:\/\/gruene-schermbeck.de\/index.php?rest_route=%2Fwp%2Fv2%2Fcomments&post=1612"}],"version-history":[{"count":1,"href":"https:\/\/gruene-schermbeck.de\/index.php?rest_route=\/wp\/v2\/posts\/1612\/revisions"}],"predecessor-version":[{"id":2432,"href":"https:\/\/gruene-schermbeck.de\/index.php?rest_route=\/wp\/v2\/posts\/1612\/revisions\/2432"}],"wp:attachment":[{"href":"https:\/\/gruene-schermbeck.de\/index.php?rest_route=%2Fwp%2Fv2%2Fmedia&parent=1612"}],"wp:term":[{"taxonomy":"category","embeddable":true,"href":"https:\/\/gruene-schermbeck.de\/index.php?rest_route=%2Fwp%2Fv2%2Fcategories&post=1612"},{"taxonomy":"post_tag","embeddable":true,"href":"https:\/\/gruene-schermbeck.de\/index.php?rest_route=%2Fwp%2Fv2%2Ftags&post=1612"}],"curies":[{"name":"wp","href":"https:\/\/api.w.org\/{rel}","templated":true}]}}