{"id":1681,"date":"2011-06-27T16:40:21","date_gmt":"2011-06-27T14:40:21","guid":{"rendered":"http:\/\/schermbeck.zeit-fuer-gruen.de\/?p=1681"},"modified":"2011-06-27T16:40:21","modified_gmt":"2011-06-27T14:40:21","slug":"300-gronau-spaziergang-am-3-juli","status":"publish","type":"post","link":"https:\/\/gruene-schermbeck.de\/?p=1681","title":{"rendered":"300. Gronau-Spaziergang am 3. Juli"},"content":{"rendered":"<p><img loading=\"lazy\" decoding=\"async\" class=\"alignleft\" src=\"http:\/\/www.gruene-kreis-wesel.de\/fileadmin\/images\/upload2\/Atom\/842afca4f9.png\" alt=\"\" width=\"120\" height=\"120\" \/><strong>26 Jahre sind mehr als genug &#8211; Raus aus der Urananreicherung in Gronau<\/strong><\/p>\n<p>1985 begann die Urananreicherungsanlage Gronau mit der Produktion, vor 25 Jahren wurde sie dann offiziell eingeweiht &#8211; nur wenige Tage nach der Tschernobyl-Katastrophe.<\/p>\n<p>Nicht zuletzt durch Tschernobyl und Fukushima wissen wir: Atomkraft ist nicht beherrschbar. Wir k\u00e4mpfen seit 30 Jahren f\u00fcr den Atomausstieg. Zu einem endg\u00fcltigen Ausstieg geh\u00f6rt f\u00fcr uns auch die Beendigung der Urananreicherung in Gronau, die im Atomgesetz verbindlich verankert werden muss. Wir begr\u00fc\u00dfen, dass sich der Bundesrat auf Initiative der Landesregierung NRW <!--more-->der Forderung nach einem Aus f\u00fcr Gronau mehrheitlich angeschlossen hat. Wir werden weiter daf\u00fcr k\u00e4mpfen, auch wenn sich Kanzlerin Merkel jetzt verweigert. Der Bundesparteitag der GR\u00dcNEN hat sich am 25. Juni der Forderung der GR\u00dcNEN in NRW f\u00fcr eine schnellstm\u00f6gliche Stilllegung in seinem Beschluss angeschlossen. Auf Landesebene wollen wir die M\u00f6glichkeiten durch die Atomaufsicht nutzen und die Genehmigung f\u00fcr die Anlage \u00fcberpr\u00fcfen.<\/p>\n<p>Gemeinsam mit den Anti-Atom-Initiativen werden wir auch weiter auf der Stra\u00dfe demonstrieren. Denn unser Ziel ist das Gleiche: Wir wollen raus aus der Produktion in Gronau!<\/p>\n<p>Treffpunkt ist um 13 Uhr direkt an der Urananreicherungsanlage (Gronau, R\u00f6ntgenstra\u00dfe 4).<\/p>\n","protected":false},"excerpt":{"rendered":"<p>26 Jahre sind mehr als genug &#8211; Raus aus der Urananreicherung in Gronau 1985 begann die Urananreicherungsanlage Gronau mit der Produktion, vor 25 Jahren wurde sie dann offiziell eingeweiht &#8211; [&hellip;]<\/p>\n","protected":false},"author":-1,"featured_media":0,"comment_status":"open","ping_status":"open","sticky":false,"template":"","format":"standard","meta":{"footnotes":""},"categories":[2],"tags":[30,49,72,137],"class_list":["post-1681","post","type-post","status-publish","format-standard","hentry","category-atom","tag-atomausstieg","tag-demo","tag-gronau","tag-uaa"],"_links":{"self":[{"href":"https:\/\/gruene-schermbeck.de\/index.php?rest_route=\/wp\/v2\/posts\/1681","targetHints":{"allow":["GET"]}}],"collection":[{"href":"https:\/\/gruene-schermbeck.de\/index.php?rest_route=\/wp\/v2\/posts"}],"about":[{"href":"https:\/\/gruene-schermbeck.de\/index.php?rest_route=\/wp\/v2\/types\/post"}],"author":[{"embeddable":true,"href":"https:\/\/gruene-schermbeck.de\/index.php?rest_route=\/wp\/v2\/users\/1"}],"replies":[{"embeddable":true,"href":"https:\/\/gruene-schermbeck.de\/index.php?rest_route=%2Fwp%2Fv2%2Fcomments&post=1681"}],"version-history":[{"count":0,"href":"https:\/\/gruene-schermbeck.de\/index.php?rest_route=\/wp\/v2\/posts\/1681\/revisions"}],"wp:attachment":[{"href":"https:\/\/gruene-schermbeck.de\/index.php?rest_route=%2Fwp%2Fv2%2Fmedia&parent=1681"}],"wp:term":[{"taxonomy":"category","embeddable":true,"href":"https:\/\/gruene-schermbeck.de\/index.php?rest_route=%2Fwp%2Fv2%2Fcategories&post=1681"},{"taxonomy":"post_tag","embeddable":true,"href":"https:\/\/gruene-schermbeck.de\/index.php?rest_route=%2Fwp%2Fv2%2Ftags&post=1681"}],"curies":[{"name":"wp","href":"https:\/\/api.w.org\/{rel}","templated":true}]}}