{"id":1728,"date":"2011-10-15T15:48:39","date_gmt":"2011-10-15T13:48:39","guid":{"rendered":"http:\/\/schermbeck.zeit-fuer-gruen.de\/?p=1728"},"modified":"2011-10-15T15:48:39","modified_gmt":"2011-10-15T13:48:39","slug":"auswirkungen-der-sparmassnahmen-in-der-gemeindebuecherei","status":"publish","type":"post","link":"https:\/\/gruene-schermbeck.de\/?p=1728","title":{"rendered":"Auswirkungen der Sparma&#223;nahmen in der Gemeindeb&#252;cherei"},"content":{"rendered":"<p><em><strong>Anfrage der gr\u00fcnen Fraktionsvorsitzenden Ulrike Trick\u00a0 an B\u00fcrgermeister Ernst-Christoph Gr\u00fcter<\/strong><\/em><\/p>\n<p>Seit Januar diesen Jahres ist die Geb\u00fchrenerh\u00f6hung f\u00fcr die Benutzung der B\u00fccherei wirksam, seit Mai diesen Jahres sind die \u00d6ffnungszeiten verk\u00fcrzt. Zu den Auswirkungen dieser Ma\u00dfnahmen hat die Fraktion von B\u00fcndnis 90 \/ Die Gr\u00fcnen folgende Fragen:<!--more--><\/p>\n<p>1.\u00a0\u00a0\u00a0 Hat sich die Zahl der B\u00fcchereinutzer durch die Geb\u00fchrenerh\u00f6hung verringert?<\/p>\n<p>2.\u00a0\u00a0\u00a0 Wenn eine Verringerung eingetreten ist, betrifft diese aus der Sicht der B\u00fcchereimitarbeiterinnen bestimmte Nutzergruppen, z.B. Leser mit Migrationshintergrund, aus sozial schwachen Familien etc.?<\/p>\n<p>3.\u00a0\u00a0\u00a0 Wie ist die personelle Situation in der B\u00fccherei?<\/p>\n<p>4.\u00a0\u00a0\u00a0 Ber\u00fccksichtigt die mit der K\u00fcrzung der \u00d6ffnungszeiten einhergehende K\u00fcrzung der Mitarbeiterstunden, dass viele Verwaltungsvorg\u00e4nge unabh\u00e4ngig von der \u00d6ffnungszeit und der Ausleihquote geleistet werden m\u00fcssen?<\/p>\n<p>5.\u00a0\u00a0\u00a0 Es wurde einmal angedacht, freiwerdende Mitarbeiter \/ Mitarbeiterinnen aus dem Hallenbad in die B\u00fccherei zu versetzen. Ist es dazu gekommen?<\/p>\n","protected":false},"excerpt":{"rendered":"<p>Anfrage der gr\u00fcnen Fraktionsvorsitzenden Ulrike Trick\u00a0 an B\u00fcrgermeister Ernst-Christoph Gr\u00fcter Seit Januar diesen Jahres ist die Geb\u00fchrenerh\u00f6hung f\u00fcr die Benutzung der B\u00fccherei wirksam, seit Mai diesen Jahres sind die \u00d6ffnungszeiten [&hellip;]<\/p>\n","protected":false},"author":-1,"featured_media":0,"comment_status":"open","ping_status":"open","sticky":false,"template":"","format":"standard","meta":{"footnotes":""},"categories":[10],"tags":[],"class_list":["post-1728","post","type-post","status-publish","format-standard","hentry","category-gemeindepolitik"],"_links":{"self":[{"href":"https:\/\/gruene-schermbeck.de\/index.php?rest_route=\/wp\/v2\/posts\/1728","targetHints":{"allow":["GET"]}}],"collection":[{"href":"https:\/\/gruene-schermbeck.de\/index.php?rest_route=\/wp\/v2\/posts"}],"about":[{"href":"https:\/\/gruene-schermbeck.de\/index.php?rest_route=\/wp\/v2\/types\/post"}],"author":[{"embeddable":true,"href":"https:\/\/gruene-schermbeck.de\/index.php?rest_route=\/wp\/v2\/users\/1"}],"replies":[{"embeddable":true,"href":"https:\/\/gruene-schermbeck.de\/index.php?rest_route=%2Fwp%2Fv2%2Fcomments&post=1728"}],"version-history":[{"count":0,"href":"https:\/\/gruene-schermbeck.de\/index.php?rest_route=\/wp\/v2\/posts\/1728\/revisions"}],"wp:attachment":[{"href":"https:\/\/gruene-schermbeck.de\/index.php?rest_route=%2Fwp%2Fv2%2Fmedia&parent=1728"}],"wp:term":[{"taxonomy":"category","embeddable":true,"href":"https:\/\/gruene-schermbeck.de\/index.php?rest_route=%2Fwp%2Fv2%2Fcategories&post=1728"},{"taxonomy":"post_tag","embeddable":true,"href":"https:\/\/gruene-schermbeck.de\/index.php?rest_route=%2Fwp%2Fv2%2Ftags&post=1728"}],"curies":[{"name":"wp","href":"https:\/\/api.w.org\/{rel}","templated":true}]}}