{"id":1731,"date":"2011-10-15T15:52:58","date_gmt":"2011-10-15T13:52:58","guid":{"rendered":"http:\/\/schermbeck.zeit-fuer-gruen.de\/?p=1731"},"modified":"2011-10-15T15:52:58","modified_gmt":"2011-10-15T13:52:58","slug":"erreichbarkeit-des-ordnungsamtes-ausserhalb-der-dienstzeiten","status":"publish","type":"post","link":"https:\/\/gruene-schermbeck.de\/?p=1731","title":{"rendered":"Erreichbarkeit des Ordnungsamtes au&#223;erhalb der Dienstzeiten"},"content":{"rendered":"<p><em><strong>Anfrage der gr\u00fcnen Fraktionsvorsitzenden Ulrike Trick  an B\u00fcrgermeister Ernst-Christoph Gr\u00fcter<\/strong><\/em><\/p>\n<p>Das Verbrennen im Freien ist gesetzlich verboten, insbesondere dann, wenn es der Beseitigung von andienungspflichtigen Abf\u00e4llen dient.<br \/>\nDen meisten B\u00fcrgern ist diese gesetzliche Regelung bekannt.<br \/>\nDaher werden besonders in neuen Baugebieten des \u00d6fteren Bauabf\u00e4lle wie D\u00e4mmmaterial etc. abends oder am Wochenende <!--more-->verbrannt, also zu Zeiten, an denen die zust\u00e4ndigen Beh\u00f6rden nicht im Dienst sind.<\/p>\n<p>So geschehen auch am letzten Wochenende in dem neuen Baugebiet Hufenkamp. Eine zuf\u00e4llig vorbeikommende B\u00fcrgerin, die diese Umweltverschmutzung gerne unterbunden h\u00e4tte, suchte vergeblich nach dem entsprechenden zust\u00e4ndigen Beh\u00f6rdenvertreter.<\/p>\n<p>Anl\u00e4sslich eines \u00e4hnlich gelagerten Falles vor einigen Jahren wurde mir bei einem Gespr\u00e4ch mit Ihnen, einem Vertreter des Kreises Wesel sowie einem Vertreter der Feuerwehr und des \u00f6rtlichen Ordnungsamtes mitgeteilt, in solchen F\u00e4llen sei der Notdienst des Ordnungsamtes zust\u00e4ndig, dessen Nummer \u00fcber die Polizei zu erfahren sei. Die \u00f6rtliche Polizeiwache ist abends und am Wochenende nicht besetzt. Den Notruf zu w\u00e4hlen erschien der B\u00fcrgerin f\u00fcr so einen Fall unverh\u00e4ltnism\u00e4\u00dfig.<br \/>\nSomit wird nach dem Wochenende eine Meldung an die entsprechende Abteilung der Kreisverwaltung ergehen, was dann zwar ein ordnungsbeh\u00f6rdliche Ma\u00dfnahme zur Folge haben wird, nicht aber die Verhinderung des Verbrennungsvorgangs.<\/p>\n<p>Wir bitten Sie nunmehr, uns mitzuteilen, auf welchem Weg B\u00fcrger solche Vorg\u00e4nge\u00a0 au\u00dferhalb der Dienstzeiten des Rathauses dem zust\u00e4ndigen Beh\u00f6rdenvertreter melden k\u00f6nnen, mit dem Ziel, die Luftverschmutzung durch illegale Abfallentsorgung zu unterbinden. <em><strong><\/p>\n<p><\/strong><\/em><\/p>\n","protected":false},"excerpt":{"rendered":"<p>Anfrage der gr\u00fcnen Fraktionsvorsitzenden Ulrike Trick an B\u00fcrgermeister Ernst-Christoph Gr\u00fcter Das Verbrennen im Freien ist gesetzlich verboten, insbesondere dann, wenn es der Beseitigung von andienungspflichtigen Abf\u00e4llen dient. Den meisten B\u00fcrgern [&hellip;]<\/p>\n","protected":false},"author":-1,"featured_media":0,"comment_status":"open","ping_status":"open","sticky":false,"template":"","format":"standard","meta":{"footnotes":""},"categories":[10,22],"tags":[],"class_list":["post-1731","post","type-post","status-publish","format-standard","hentry","category-gemeindepolitik","category-umwelt"],"_links":{"self":[{"href":"https:\/\/gruene-schermbeck.de\/index.php?rest_route=\/wp\/v2\/posts\/1731","targetHints":{"allow":["GET"]}}],"collection":[{"href":"https:\/\/gruene-schermbeck.de\/index.php?rest_route=\/wp\/v2\/posts"}],"about":[{"href":"https:\/\/gruene-schermbeck.de\/index.php?rest_route=\/wp\/v2\/types\/post"}],"author":[{"embeddable":true,"href":"https:\/\/gruene-schermbeck.de\/index.php?rest_route=\/wp\/v2\/users\/1"}],"replies":[{"embeddable":true,"href":"https:\/\/gruene-schermbeck.de\/index.php?rest_route=%2Fwp%2Fv2%2Fcomments&post=1731"}],"version-history":[{"count":0,"href":"https:\/\/gruene-schermbeck.de\/index.php?rest_route=\/wp\/v2\/posts\/1731\/revisions"}],"wp:attachment":[{"href":"https:\/\/gruene-schermbeck.de\/index.php?rest_route=%2Fwp%2Fv2%2Fmedia&parent=1731"}],"wp:term":[{"taxonomy":"category","embeddable":true,"href":"https:\/\/gruene-schermbeck.de\/index.php?rest_route=%2Fwp%2Fv2%2Fcategories&post=1731"},{"taxonomy":"post_tag","embeddable":true,"href":"https:\/\/gruene-schermbeck.de\/index.php?rest_route=%2Fwp%2Fv2%2Ftags&post=1731"}],"curies":[{"name":"wp","href":"https:\/\/api.w.org\/{rel}","templated":true}]}}