{"id":1740,"date":"2011-11-16T10:08:20","date_gmt":"2011-11-16T08:08:20","guid":{"rendered":"http:\/\/schermbeck.zeit-fuer-gruen.de\/?p=1740"},"modified":"2011-11-16T10:08:20","modified_gmt":"2011-11-16T08:08:20","slug":"oeffnungszeiten-und-personal-der-gemeindebuecherei","status":"publish","type":"post","link":"https:\/\/gruene-schermbeck.de\/?p=1740","title":{"rendered":"&#214;ffnungszeiten und Personal der Gemeindeb&#252;cherei"},"content":{"rendered":"<p><strong>Fraktionssprecherin Ulrike Trick fordert kontinuierliche \u00d6ffnungszeiten und schreibt an den Schermbecker B\u00fcrgermeister:<\/strong><\/p>\n<p>Wie wir durch unsere Anfrage erfahren haben, besteht das Personal der Gemeindeb\u00fccherei, nachdem eine Mitarbeiterin im Mai in den Ruhestand ging, nun aus zwei Mitarbeiterinnen und einer zeitlich befristeten \u201eEin- Euro-Kraft\u201c. Das Ergebnis dieser Personalreduzierung sind geringere \u00d6ffnungszeiten sowie die teilweise Schlie\u00dfung w\u00e4hrend der Ferien.<br \/>\nDa Sie, entsprechend Ihrer F\u00fcrsorgepflicht als Arbeitgeber, es nicht zulassen k\u00f6nnen, dass eine Mitarbeiterin allein in den R\u00e4umlichkeiten der B\u00fccherei t\u00e4tig ist, kommt es bei Krankheit oder Verhinderung einer Mitarbeiterin zur unvorhergesehenen Schlie\u00dfung der B\u00fccherei.<!--more--><\/p>\n<p>Die Fraktion von B\u00dcNDNIS 90 \/ DIE GR\u00dcNEN hat schon anl\u00e4sslich der Haushaltsberatungen die Verringerung der \u00d6ffnungszeiten sowie die teilweise Schlie\u00dfung w\u00e4hrend der Ferien bem\u00e4ngelt.<br \/>\nDie immer wiederkehrenden unvorhergesehenen Schlie\u00dfungen k\u00f6nnen wir nicht akzeptieren.<\/p>\n<p>Die Leserschaft einer B\u00fccherei bindet man nicht nur durch ein gutes Angebot, sondern auch, wie bei allen Dienstleistungen, durch verl\u00e4ssliche \u00d6ffnungszeiten. Wir halten die B\u00fccherei f\u00fcr einen wesentlichen Baustein im Bildungsangebot dieser Gemeinde und m\u00f6chten aus diesem Grund nicht nur die Verl\u00e4sslichkeit der \u00d6ffnungszeiten, sondern auch die \u00d6ffnung w\u00e4hrend der Ferien gew\u00e4hrleistet sehen. Schlie\u00dflich ist die Ferienzeit der Zeitraum, in dem die Kinder die meiste Zeit haben, das Angebot der B\u00fccherei zu nutzen.<\/p>\n<p>Aus diesem Grund beantragen wir die Einstellung einer 400 \u20ac &#8211; Kraft f\u00fcr die Gemeindeb\u00fccherei sowie die Anwerbung Ehrenamtlicher, die die B\u00fcchereimitarbeiterinnen bei ihrer Arbeit unterst\u00fctzen.<\/p>\n","protected":false},"excerpt":{"rendered":"<p>Fraktionssprecherin Ulrike Trick fordert kontinuierliche \u00d6ffnungszeiten und schreibt an den Schermbecker B\u00fcrgermeister: Wie wir durch unsere Anfrage erfahren haben, besteht das Personal der Gemeindeb\u00fccherei, nachdem eine Mitarbeiterin im Mai in [&hellip;]<\/p>\n","protected":false},"author":-1,"featured_media":0,"comment_status":"open","ping_status":"open","sticky":false,"template":"","format":"standard","meta":{"footnotes":""},"categories":[8,10,21],"tags":[],"class_list":["post-1740","post","type-post","status-publish","format-standard","hentry","category-fraktion","category-gemeindepolitik","category-ulrike-trick"],"_links":{"self":[{"href":"https:\/\/gruene-schermbeck.de\/index.php?rest_route=\/wp\/v2\/posts\/1740","targetHints":{"allow":["GET"]}}],"collection":[{"href":"https:\/\/gruene-schermbeck.de\/index.php?rest_route=\/wp\/v2\/posts"}],"about":[{"href":"https:\/\/gruene-schermbeck.de\/index.php?rest_route=\/wp\/v2\/types\/post"}],"author":[{"embeddable":true,"href":"https:\/\/gruene-schermbeck.de\/index.php?rest_route=\/wp\/v2\/users\/1"}],"replies":[{"embeddable":true,"href":"https:\/\/gruene-schermbeck.de\/index.php?rest_route=%2Fwp%2Fv2%2Fcomments&post=1740"}],"version-history":[{"count":0,"href":"https:\/\/gruene-schermbeck.de\/index.php?rest_route=\/wp\/v2\/posts\/1740\/revisions"}],"wp:attachment":[{"href":"https:\/\/gruene-schermbeck.de\/index.php?rest_route=%2Fwp%2Fv2%2Fmedia&parent=1740"}],"wp:term":[{"taxonomy":"category","embeddable":true,"href":"https:\/\/gruene-schermbeck.de\/index.php?rest_route=%2Fwp%2Fv2%2Fcategories&post=1740"},{"taxonomy":"post_tag","embeddable":true,"href":"https:\/\/gruene-schermbeck.de\/index.php?rest_route=%2Fwp%2Fv2%2Ftags&post=1740"}],"curies":[{"name":"wp","href":"https:\/\/api.w.org\/{rel}","templated":true}]}}