{"id":1754,"date":"2011-12-15T13:30:09","date_gmt":"2011-12-15T11:30:09","guid":{"rendered":"http:\/\/schermbeck.zeit-fuer-gruen.de\/?p=1754"},"modified":"2011-12-15T13:30:09","modified_gmt":"2011-12-15T11:30:09","slug":"demo-am-1812-in-ahaus","status":"publish","type":"post","link":"https:\/\/gruene-schermbeck.de\/?p=1754","title":{"rendered":"Demo am 18.12. in Ahaus"},"content":{"rendered":"<p><a href=\"http:\/\/www.kein-castor-nach-ahaus.de\/app\/download\/5552102410\/No_Go_UAA.pdf?t=1321324166\" title=\"Veranstaltungsflyer als pdf\"><img loading=\"lazy\" decoding=\"async\" class=\"alignleft\" src=\"http:\/\/u.jimdo.com\/www7\/o\/s9a5df57c5815c298\/img\/id3fc68b10af86005\/1323103526\/std\/image.gif\" alt=\"Veranstaltungsflyer\" width=\"126\" height=\"171\"><\/a>Wir rufen dazu auf, sich an der Demo in Ahaus zu beteiligen, um  gemeinsam gegen die unsinnigen Castor-Transporte von J\u00fclich nach Ahaus zu protestieren.<\/p>\n<p>152 Castorbeh\u00e4lter mit hochradioaktivem Atomm\u00fcll sollen vom Forschungszentrum J\u00fclich bis Mitte 2013 nach Ahaus transportiert und dort\u00a0 zwischengelagert und m\u00fcssen dann zu einem sp\u00e4teren Zeitpunkt in ein heute noch unbekanntes Endlager verbracht werden.<br \/>\nDie Transporte laufen ggf. in unserer N\u00e4he durch das Kreisgebiet von Wesel.<!--more--><br \/>\nWir fordern Norbert R\u00f6ttgen auf, dieses Vorhaben r\u00fcckg\u00e4ngig zu machen und das bestehende Lager in J\u00fclich auszubauen, bis die endg\u00fcltige Lagerst\u00e4tte gefunden ist.<\/p>\n<p><strong>14:00<\/strong> Kundgebung am Brennelemente-Zwischenlager Ahaus mit Redebeitr\u00e4gen u.a. von Atomphysiker Moormann (Insider aus dem Forschungszentrum J\u00fclich), von Urgewald und von der BI Ahaus.<\/p>\n<p><strong>15:00<\/strong> Spaziergang ums Zwischenlager<\/p>\n<p><strong>Links:<\/strong><br \/>\n<a href=\"http:\/\/www.sofa-ms.de\/home.html\" target=\"_self\">http:\/\/www.sofa-ms.de\/home.html<\/a><br \/>\n<a href=\"http:\/\/www.kein-castor-nach-ahaus.de\/\" target=\"_self\">http:\/\/www.kein-castor-nach-ahaus.de\/<\/a><br \/>\n<a href=\"http:\/\/www.bi-ahaus.de\/\" target=\"_self\">http:\/\/www.bi-ahaus.de\/<\/a><\/p>\n","protected":false},"excerpt":{"rendered":"<p>Wir rufen dazu auf, sich an der Demo in Ahaus zu beteiligen, um gemeinsam gegen die unsinnigen Castor-Transporte von J\u00fclich nach Ahaus zu protestieren. 152 Castorbeh\u00e4lter mit hochradioaktivem Atomm\u00fcll sollen [&hellip;]<\/p>\n","protected":false},"author":-1,"featured_media":0,"comment_status":"open","ping_status":"open","sticky":false,"template":"","format":"standard","meta":{"footnotes":""},"categories":[2],"tags":[],"class_list":["post-1754","post","type-post","status-publish","format-standard","hentry","category-atom"],"_links":{"self":[{"href":"https:\/\/gruene-schermbeck.de\/index.php?rest_route=\/wp\/v2\/posts\/1754","targetHints":{"allow":["GET"]}}],"collection":[{"href":"https:\/\/gruene-schermbeck.de\/index.php?rest_route=\/wp\/v2\/posts"}],"about":[{"href":"https:\/\/gruene-schermbeck.de\/index.php?rest_route=\/wp\/v2\/types\/post"}],"author":[{"embeddable":true,"href":"https:\/\/gruene-schermbeck.de\/index.php?rest_route=\/wp\/v2\/users\/1"}],"replies":[{"embeddable":true,"href":"https:\/\/gruene-schermbeck.de\/index.php?rest_route=%2Fwp%2Fv2%2Fcomments&post=1754"}],"version-history":[{"count":0,"href":"https:\/\/gruene-schermbeck.de\/index.php?rest_route=\/wp\/v2\/posts\/1754\/revisions"}],"wp:attachment":[{"href":"https:\/\/gruene-schermbeck.de\/index.php?rest_route=%2Fwp%2Fv2%2Fmedia&parent=1754"}],"wp:term":[{"taxonomy":"category","embeddable":true,"href":"https:\/\/gruene-schermbeck.de\/index.php?rest_route=%2Fwp%2Fv2%2Fcategories&post=1754"},{"taxonomy":"post_tag","embeddable":true,"href":"https:\/\/gruene-schermbeck.de\/index.php?rest_route=%2Fwp%2Fv2%2Ftags&post=1754"}],"curies":[{"name":"wp","href":"https:\/\/api.w.org\/{rel}","templated":true}]}}