{"id":1776,"date":"2012-01-09T12:34:54","date_gmt":"2012-01-09T10:34:54","guid":{"rendered":"http:\/\/schermbeck.zeit-fuer-gruen.de\/?p=1776"},"modified":"2012-01-09T12:34:54","modified_gmt":"2012-01-09T10:34:54","slug":"zeitung-der-gruenen-fraktion-in-schermbeck","status":"publish","type":"post","link":"https:\/\/gruene-schermbeck.de\/?p=1776","title":{"rendered":"Zeitung der gr&#252;nen Fraktion in Schermbeck"},"content":{"rendered":"<p><a title=\" Gr\u00fcne Zeitung 01\/2012 als pdf (ca. 1 MB)\" href=\"http:\/\/www.gruene-schermbeck.de\/winterberg\/Upload\/Flyer_12-01.pdf\" target=\"_blank\"><img loading=\"lazy\" decoding=\"async\" class=\"alignleft size-full wp-image-1777\" src=\"http:\/\/schermbeck.zeit-fuer-gruen.de\/files\/2012\/01\/flyer_12-01k.jpg\" alt=\"Zeitung der Gr\u00fcnen Fraktion 01\/2012 als pdf\" width=\"132\" height=\"187\" \/><\/a>Kurz nach dem Jahreswechsel hat die gr\u00fcne Fraktion in Schermbeck eine  Zeitung verteilen lassen. Sie gibt einen \u00dcberblick \u00fcber die einige  ihrer Aktivit\u00e4ten f\u00fcr Schermbeck, u.a.:<\/p>\n<p>&#8211; Stil und Art<br \/>\n&#8211; B\u00fccherei<br \/>\n&#8211; Fracking<br \/>\n&#8211; Barrierefreiheit im Dorfgemeinschaftshaus<\/p>\n<p>Klick auf das Bild links, dort kommst Du zur Zeitung als pdf-File (ca. 1 MB).<\/p>\n","protected":false},"excerpt":{"rendered":"<p>Kurz nach dem Jahreswechsel hat die gr\u00fcne Fraktion in Schermbeck eine Zeitung verteilen lassen. Sie gibt einen \u00dcberblick \u00fcber die einige ihrer Aktivit\u00e4ten f\u00fcr Schermbeck, u.a.: &#8211; Stil und Art [&hellip;]<\/p>\n","protected":false},"author":-1,"featured_media":0,"comment_status":"open","ping_status":"open","sticky":false,"template":"","format":"standard","meta":{"footnotes":""},"categories":[1,8,10],"tags":[],"class_list":["post-1776","post","type-post","status-publish","format-standard","hentry","category-allgemein","category-fraktion","category-gemeindepolitik"],"_links":{"self":[{"href":"https:\/\/gruene-schermbeck.de\/index.php?rest_route=\/wp\/v2\/posts\/1776","targetHints":{"allow":["GET"]}}],"collection":[{"href":"https:\/\/gruene-schermbeck.de\/index.php?rest_route=\/wp\/v2\/posts"}],"about":[{"href":"https:\/\/gruene-schermbeck.de\/index.php?rest_route=\/wp\/v2\/types\/post"}],"author":[{"embeddable":true,"href":"https:\/\/gruene-schermbeck.de\/index.php?rest_route=\/wp\/v2\/users\/1"}],"replies":[{"embeddable":true,"href":"https:\/\/gruene-schermbeck.de\/index.php?rest_route=%2Fwp%2Fv2%2Fcomments&post=1776"}],"version-history":[{"count":0,"href":"https:\/\/gruene-schermbeck.de\/index.php?rest_route=\/wp\/v2\/posts\/1776\/revisions"}],"wp:attachment":[{"href":"https:\/\/gruene-schermbeck.de\/index.php?rest_route=%2Fwp%2Fv2%2Fmedia&parent=1776"}],"wp:term":[{"taxonomy":"category","embeddable":true,"href":"https:\/\/gruene-schermbeck.de\/index.php?rest_route=%2Fwp%2Fv2%2Fcategories&post=1776"},{"taxonomy":"post_tag","embeddable":true,"href":"https:\/\/gruene-schermbeck.de\/index.php?rest_route=%2Fwp%2Fv2%2Ftags&post=1776"}],"curies":[{"name":"wp","href":"https:\/\/api.w.org\/{rel}","templated":true}]}}