{"id":2118,"date":"2013-02-17T11:10:23","date_gmt":"2013-02-17T09:10:23","guid":{"rendered":"http:\/\/schermbeck.zeit-fuer-gruen.de\/?p=2118"},"modified":"2013-02-17T11:10:23","modified_gmt":"2013-02-17T09:10:23","slug":"antrag-auf-anderung-der-strasenreinigungssatzung","status":"publish","type":"post","link":"https:\/\/gruene-schermbeck.de\/?p=2118","title":{"rendered":"Antrag auf &#196;nderung der Stra&#223;enreinigungssatzung"},"content":{"rendered":"<p>Sehr geehrter Herr B\u00fcrgermeister Gr\u00fcter,<\/p>\n<p>die im Jahr 2012 erfolgte Reduzierung der Stra\u00dfenreinigung f\u00fchrte zu einer deutlichen Beeintr\u00e4chtigung des Ortsbildes.<br \/>\nDas war nicht zuletzt im Herbst bei st\u00e4rkerem Laubanfall un\u00fcbersehbar.<!--more--><\/p>\n<p>F\u00fcr \u00e4ltere B\u00fcrgerinnen und B\u00fcrger ist die Verpflichtung, die Stra\u00dfe selbst zu reinigen, oftmals nicht leistbar. Teils scheint die Verpflichtung auch nicht hinreichend bekannt zu sein.<br \/>\nDie Ersparnis durch die Reduzierung ist jedenfalls f\u00fcr die einzelnen Anlieger gering.<\/p>\n<p>Durch die g\u00fcnstige Vergabe der restlichen zu reinigenden Stra\u00dfen zeichnet sich die M\u00f6glichkeit ab, zum alten Umfang der gemeindlichen Stra\u00dfenreinigung zur\u00fcckzukehren, ohne dass dadurch eine erhebliche\u00a0 Belastung des Gemeindehaushalts eintritt.<\/p>\n<p>Wir beantragen daher, zum alten Umfang der inner\u00f6rtlichen Stra\u00dfenreinigung zur\u00fcckzukehren.<\/p>\n<p>Mit freundlichem Gru\u00df[HTML1]<\/p>\n","protected":false},"excerpt":{"rendered":"<p>Sehr geehrter Herr B\u00fcrgermeister Gr\u00fcter, die im Jahr 2012 erfolgte Reduzierung der Stra\u00dfenreinigung f\u00fchrte zu einer deutlichen Beeintr\u00e4chtigung des Ortsbildes. Das war nicht zuletzt im Herbst bei st\u00e4rkerem Laubanfall un\u00fcbersehbar.<\/p>\n","protected":false},"author":-1,"featured_media":0,"comment_status":"open","ping_status":"open","sticky":false,"template":"","format":"standard","meta":{"footnotes":""},"categories":[10,21],"tags":[132],"class_list":["post-2118","post","type-post","status-publish","format-standard","hentry","category-gemeindepolitik","category-ulrike-trick","tag-strasenreinigung"],"_links":{"self":[{"href":"https:\/\/gruene-schermbeck.de\/index.php?rest_route=\/wp\/v2\/posts\/2118","targetHints":{"allow":["GET"]}}],"collection":[{"href":"https:\/\/gruene-schermbeck.de\/index.php?rest_route=\/wp\/v2\/posts"}],"about":[{"href":"https:\/\/gruene-schermbeck.de\/index.php?rest_route=\/wp\/v2\/types\/post"}],"author":[{"embeddable":true,"href":"https:\/\/gruene-schermbeck.de\/index.php?rest_route=\/wp\/v2\/users\/1"}],"replies":[{"embeddable":true,"href":"https:\/\/gruene-schermbeck.de\/index.php?rest_route=%2Fwp%2Fv2%2Fcomments&post=2118"}],"version-history":[{"count":0,"href":"https:\/\/gruene-schermbeck.de\/index.php?rest_route=\/wp\/v2\/posts\/2118\/revisions"}],"wp:attachment":[{"href":"https:\/\/gruene-schermbeck.de\/index.php?rest_route=%2Fwp%2Fv2%2Fmedia&parent=2118"}],"wp:term":[{"taxonomy":"category","embeddable":true,"href":"https:\/\/gruene-schermbeck.de\/index.php?rest_route=%2Fwp%2Fv2%2Fcategories&post=2118"},{"taxonomy":"post_tag","embeddable":true,"href":"https:\/\/gruene-schermbeck.de\/index.php?rest_route=%2Fwp%2Fv2%2Ftags&post=2118"}],"curies":[{"name":"wp","href":"https:\/\/api.w.org\/{rel}","templated":true}]}}