{"id":2148,"date":"2013-02-24T20:28:14","date_gmt":"2013-02-24T18:28:14","guid":{"rendered":"http:\/\/schermbeck.zeit-fuer-gruen.de\/?p=2148"},"modified":"2013-02-24T20:28:14","modified_gmt":"2013-02-24T18:28:14","slug":"immissionsschutzrecht-bei-tierhaltung-geandert","status":"publish","type":"post","link":"https:\/\/gruene-schermbeck.de\/?p=2148","title":{"rendered":"Immissionsschutzrecht bei Tierhaltung ge&#228;ndert"},"content":{"rendered":"<p>Das Umweltministerium NRW hat am 20.2.2013 einen Erlass \u00fcber \u201eImmissionsschutzrechtliche Anforderungen an Tierhaltungsanlagen&#8220; ver\u00f6ffentlicht. Hierbei erfolgte eine Anpassung an den Stand der Technik. Die Kreise und kreisfreien St\u00e4dte wurden hierzu \u00fcber die Bezirksregierungen informiert und sind gehalten, den Erlass umzusetzen. Bei st\u00e4rker emittierenden Anlagen bedeutet dies den Einbau von Abluftreinigungsanlagen; Neuplanungen m\u00fcssen dies sofort ber\u00fccksichtigen, f\u00fcr bestehende Anlagen bestehen \u00dcbergangsfristen.<br \/>\nN\u00e4heres findet sich im <a href=\"http:\/\/www.gruene-kreis-wesel.de\/fileadmin\/Winterberg\/Enerige\/Erlass_Immissionsschutzrechtliche_Anforderungen_an_Tierhaltungsanlagen.pdf\" target=\"_blank\">Erlass<\/a>.<\/p>\n","protected":false},"excerpt":{"rendered":"<p>Das Umweltministerium NRW hat am 20.2.2013 einen Erlass \u00fcber \u201eImmissionsschutzrechtliche Anforderungen an Tierhaltungsanlagen&#8220; ver\u00f6ffentlicht. Hierbei erfolgte eine Anpassung an den Stand der Technik. Die Kreise und kreisfreien St\u00e4dte wurden hierzu [&hellip;]<\/p>\n","protected":false},"author":-1,"featured_media":0,"comment_status":"open","ping_status":"open","sticky":false,"template":"","format":"standard","meta":{"footnotes":""},"categories":[15,16],"tags":[],"class_list":["post-2148","post","type-post","status-publish","format-standard","hentry","category-landwirtschaft","category-massentierhaltung-landwirtschaft"],"_links":{"self":[{"href":"https:\/\/gruene-schermbeck.de\/index.php?rest_route=\/wp\/v2\/posts\/2148","targetHints":{"allow":["GET"]}}],"collection":[{"href":"https:\/\/gruene-schermbeck.de\/index.php?rest_route=\/wp\/v2\/posts"}],"about":[{"href":"https:\/\/gruene-schermbeck.de\/index.php?rest_route=\/wp\/v2\/types\/post"}],"author":[{"embeddable":true,"href":"https:\/\/gruene-schermbeck.de\/index.php?rest_route=\/wp\/v2\/users\/1"}],"replies":[{"embeddable":true,"href":"https:\/\/gruene-schermbeck.de\/index.php?rest_route=%2Fwp%2Fv2%2Fcomments&post=2148"}],"version-history":[{"count":0,"href":"https:\/\/gruene-schermbeck.de\/index.php?rest_route=\/wp\/v2\/posts\/2148\/revisions"}],"wp:attachment":[{"href":"https:\/\/gruene-schermbeck.de\/index.php?rest_route=%2Fwp%2Fv2%2Fmedia&parent=2148"}],"wp:term":[{"taxonomy":"category","embeddable":true,"href":"https:\/\/gruene-schermbeck.de\/index.php?rest_route=%2Fwp%2Fv2%2Fcategories&post=2148"},{"taxonomy":"post_tag","embeddable":true,"href":"https:\/\/gruene-schermbeck.de\/index.php?rest_route=%2Fwp%2Fv2%2Ftags&post=2148"}],"curies":[{"name":"wp","href":"https:\/\/api.w.org\/{rel}","templated":true}]}}