{"id":572,"date":"2009-09-01T17:33:41","date_gmt":"2009-09-01T15:33:41","guid":{"rendered":"http:\/\/schermbeck.zeit-fuer-gruen.de\/?p=572"},"modified":"2009-09-01T17:33:41","modified_gmt":"2009-09-01T15:33:41","slug":"nach-der-wahl-ist-vor-der-wahl","status":"publish","type":"post","link":"https:\/\/gruene-schermbeck.de\/?p=572","title":{"rendered":"Nach der Wahl ist vor der Wahl"},"content":{"rendered":"<p>Herzlichen Dank an unsere W\u00e4hlerinnen und W\u00e4hler f\u00fcr Ihre Stimme bei der Kommunalwahl.<\/p>\n<p>Am 27.09.2009 ist Bundestagswahl. Wir setzen auf Sie, denn aus der Krise hilft nur GR\u00dcN. Informieren Sie sich \u00fcber unsere<a href=\"http:\/\/schermbeck.zeit-fuer-gruen.de\/termine\/bundestagswahl\/\"> Personen und Inhalte f\u00fcr den Bundestag<\/a>.<\/p>\n","protected":false},"excerpt":{"rendered":"<p>Herzlichen Dank an unsere W\u00e4hlerinnen und W\u00e4hler f\u00fcr Ihre Stimme bei der Kommunalwahl. Am 27.09.2009 ist Bundestagswahl. Wir setzen auf Sie, denn aus der Krise hilft nur GR\u00dcN. Informieren Sie [&hellip;]<\/p>\n","protected":false},"author":-1,"featured_media":0,"comment_status":"open","ping_status":"open","sticky":false,"template":"","format":"standard","meta":{"footnotes":""},"categories":[1],"tags":[],"class_list":["post-572","post","type-post","status-publish","format-standard","hentry","category-allgemein"],"_links":{"self":[{"href":"https:\/\/gruene-schermbeck.de\/index.php?rest_route=\/wp\/v2\/posts\/572","targetHints":{"allow":["GET"]}}],"collection":[{"href":"https:\/\/gruene-schermbeck.de\/index.php?rest_route=\/wp\/v2\/posts"}],"about":[{"href":"https:\/\/gruene-schermbeck.de\/index.php?rest_route=\/wp\/v2\/types\/post"}],"author":[{"embeddable":true,"href":"https:\/\/gruene-schermbeck.de\/index.php?rest_route=\/wp\/v2\/users\/1"}],"replies":[{"embeddable":true,"href":"https:\/\/gruene-schermbeck.de\/index.php?rest_route=%2Fwp%2Fv2%2Fcomments&post=572"}],"version-history":[{"count":0,"href":"https:\/\/gruene-schermbeck.de\/index.php?rest_route=\/wp\/v2\/posts\/572\/revisions"}],"wp:attachment":[{"href":"https:\/\/gruene-schermbeck.de\/index.php?rest_route=%2Fwp%2Fv2%2Fmedia&parent=572"}],"wp:term":[{"taxonomy":"category","embeddable":true,"href":"https:\/\/gruene-schermbeck.de\/index.php?rest_route=%2Fwp%2Fv2%2Fcategories&post=572"},{"taxonomy":"post_tag","embeddable":true,"href":"https:\/\/gruene-schermbeck.de\/index.php?rest_route=%2Fwp%2Fv2%2Ftags&post=572"}],"curies":[{"name":"wp","href":"https:\/\/api.w.org\/{rel}","templated":true}]}}