{"id":597,"date":"2009-09-20T16:04:17","date_gmt":"2009-09-20T14:04:17","guid":{"rendered":"http:\/\/schermbeck.zeit-fuer-gruen.de\/?p=597"},"modified":"2009-09-20T16:04:17","modified_gmt":"2009-09-20T14:04:17","slug":"liebe-waehlerinnen-und-waehler","status":"publish","type":"post","link":"https:\/\/gruene-schermbeck.de\/?p=597","title":{"rendered":"Liebe W&#228;hlerinnen und W&#228;hler,"},"content":{"rendered":"<p><strong>mit unseren Briefen wollen wir Ihnen eine Entscheidungshilfe f\u00fcr die Bundestagswahl am 27. September geben. Und nat\u00fcrlich m\u00f6chten wir Sie \u00fcberzeugen, Ihre Zweitstimme uns Gr\u00fcnen zu geben.<\/strong><\/p>\n<p>H\u00f6rte man sich nur die Bundeskanzlerin an, k\u00f6nnte man meinen, es ginge bei dieser Wahl um nicht allzu viel. <!--more-->Es sei damit getan, dass die Regierung unter ihrer F\u00fchrung Kurs halten m\u00fcsse. Eigentlich egal, mit welchem Koalitionspartner.<br \/>\nWir hingegen glauben, dass unser Land mit dieser Wahl vor einer Richtungsentscheidung steht.<br \/>\nEs geht um die Frage, ob wir zukunftsf\u00e4hig und gest\u00e4rkt aus der Krise hervorgehen oder, ob wir bei der alten und falschen Politik verharren, die uns diesen Schlamassel beschert hat. Es liegt an uns, ob jetzt neue Arbeit geschaffen wird und die Wirtschaft ein Fundament bekommt, das auch in Zukunft tr\u00e4gt. Es ist unsere Chance, die Welt so einzurichten, dass wir unser Klima sch\u00fctzen, anstatt es zu zerst\u00f6ren.<br \/>\nWir haben die M\u00f6glichkeit, Blockaden wegzur\u00e4umen und dadurch gleiche Chancen f\u00fcr Jede und Jeden zu verwirklichen, zum Beispiel in der Bildung. Wir m\u00fcssen die Rolle der B\u00fcrgerrechte in unserer Gesellschaft st\u00e4rken. Und es ist Zeit, f\u00fcr eine gerechtere internationale Ordnung zu arbeiten, damit Hunger und Armut in der Welt wirksam bek\u00e4mpft werden.<br \/>\nDie Zeit zu handeln ist jetzt.<br \/>\nEs ist kein Geheimnis, was uns droht, wenn eine schwarz-gelbe Regierung die Mehrheit erringt: Eine Renaissance der alten neoliberal-konservativen Denkschule.<br \/>\nAuch wenn die Bundeskanzlerin das nicht ausspricht, weil sie v\u00f6llig zu Recht f\u00fcrchtet, f\u00fcr eine solche Politik kein Mandat von der W\u00e4hlerschaft zu erhalten: Merkel und Schwarz-Gelb stehen f\u00fcr Atomkraft, Sozialabbau, Gentechnik, \u00dcberwachung. Und was uns eine Fortsetzung der gro\u00dfen Koalition bringt, lassen die letzten vier Jahre erahnen: Stillstand, verkorkste Reformen und Streit, Streit, Streit.<br \/>\nNehmen Sie sich doch ein paar Minuten Zeit und lesen Sie einen der Briefe, die Sie pers\u00f6nlich ansprechen: Als W\u00e4hlerin oder W\u00e4hler, Verbraucherin oder Verbraucher, Arbeitnehmerin oder Arbeitnehmer, Frau oder Mann. Und wenn wir Sie \u00fcberzeugt haben sollten, dann gehen Sie bitte am 27. September zur Wahl und geben Sie ihre Zweitstimme an B\u00dcNDNIS 90\/DIE GR\u00dcNEN.<\/p>\n<p><a title=\"Website3 www.gruene.de\" href=\"http:\/\/www.gruene.de\"><strong>Ihre Gr\u00fcnen <\/strong><\/a><\/p>\n<p><strong>Gr\u00fcn st\u00e4rken &#8211; damit sich was \u00e4ndert!<\/strong><\/p>\n","protected":false},"excerpt":{"rendered":"<p>mit unseren Briefen wollen wir Ihnen eine Entscheidungshilfe f\u00fcr die Bundestagswahl am 27. September geben. Und nat\u00fcrlich m\u00f6chten wir Sie \u00fcberzeugen, Ihre Zweitstimme uns Gr\u00fcnen zu geben. H\u00f6rte man sich [&hellip;]<\/p>\n","protected":false},"author":-1,"featured_media":0,"comment_status":"open","ping_status":"open","sticky":false,"template":"","format":"standard","meta":{"footnotes":""},"categories":[4],"tags":[],"class_list":["post-597","post","type-post","status-publish","format-standard","hentry","category-bundestagswahl"],"_links":{"self":[{"href":"https:\/\/gruene-schermbeck.de\/index.php?rest_route=\/wp\/v2\/posts\/597","targetHints":{"allow":["GET"]}}],"collection":[{"href":"https:\/\/gruene-schermbeck.de\/index.php?rest_route=\/wp\/v2\/posts"}],"about":[{"href":"https:\/\/gruene-schermbeck.de\/index.php?rest_route=\/wp\/v2\/types\/post"}],"author":[{"embeddable":true,"href":"https:\/\/gruene-schermbeck.de\/index.php?rest_route=\/wp\/v2\/users\/1"}],"replies":[{"embeddable":true,"href":"https:\/\/gruene-schermbeck.de\/index.php?rest_route=%2Fwp%2Fv2%2Fcomments&post=597"}],"version-history":[{"count":0,"href":"https:\/\/gruene-schermbeck.de\/index.php?rest_route=\/wp\/v2\/posts\/597\/revisions"}],"wp:attachment":[{"href":"https:\/\/gruene-schermbeck.de\/index.php?rest_route=%2Fwp%2Fv2%2Fmedia&parent=597"}],"wp:term":[{"taxonomy":"category","embeddable":true,"href":"https:\/\/gruene-schermbeck.de\/index.php?rest_route=%2Fwp%2Fv2%2Fcategories&post=597"},{"taxonomy":"post_tag","embeddable":true,"href":"https:\/\/gruene-schermbeck.de\/index.php?rest_route=%2Fwp%2Fv2%2Ftags&post=597"}],"curies":[{"name":"wp","href":"https:\/\/api.w.org\/{rel}","templated":true}]}}