{"id":606,"date":"2009-09-22T17:19:04","date_gmt":"2009-09-22T15:19:04","guid":{"rendered":"http:\/\/schermbeck.zeit-fuer-gruen.de\/?p=606"},"modified":"2009-09-22T17:19:04","modified_gmt":"2009-09-22T15:19:04","slug":"liebe-rentnerinnen-und-rentner","status":"publish","type":"post","link":"https:\/\/gruene-schermbeck.de\/?p=606","title":{"rendered":"Liebe Rentnerinnen und Rentner,"},"content":{"rendered":"<p>d<strong>ie demografische Entwicklung sorgt daf\u00fcr, dass es immer mehr \u00e4ltere und immer weniger j\u00fcngere Menschen gibt. Leider reagieren die Parteien darauf nicht etwa mit neuen Konzepten, sondern mit populistischen Parolen.<\/strong><!--more--><br \/>\nSie aber wissen, dass der demografische Wandel mehr verlangt als nur Parolen. Wir brauchen ganz neue Ideen und Konzepte. Wir m\u00fcssen die Rentenfinanzierung auf sichere F\u00fc\u00dfe stellen, um nicht nur Ihnen heute, sondern auch Ihren Kindern morgen und den Enkelkindern \u00fcbermorgen einen Lebensabend in Sicherheit zu gew\u00e4hrleisten.<\/p>\n<p>Wir brauchen einen neuen Generationenvertrag, der niemanden einseitig belastet: Nicht die heutigen und nicht die k\u00fcnftigen Beitragszahlerinnen und Beitragszahler, weder die aktuellen noch die zuk\u00fcnftigen Rentenbezieherinnen und Rentenbezieher.<\/p>\n<p>Viele Menschen treibt die Angst um, im Alter arm zu sein. Weil sie jahrelang zu Niedrigl\u00f6hnen arbeiten mussten. Weil sie immer wieder Phasen der Arbeitslosigkeit durchleben mussten. Oder weil sie, vor allem Frauen, viele Jahre Kinder erzogen oder Pflege geleistet haben und daf\u00fcr kaum Rentenanspr\u00fcche erworben haben.<\/p>\n<p>Gegen die drohende Altersarmut wollen wir eine solidarisch finanzierte Grundrente, die \u00c4ltere vor Armut sch\u00fctzt; auch jene B\u00fcrgerinnen und B\u00fcrger, die keine zus\u00e4tzliche betriebliche oder private Vorsorge betreiben konnten. Diese Garantierente muss aus Steuermitteln bestritten werden. So m\u00fcssen auch Reiche und Gutverdienende &#8211; wie in anderen L\u00e4ndern auch &#8211; f\u00fcr die materielle Sicherheit der \u00c4lteren aufkommen.<\/p>\n<p>Wir wissen, dass Sie viel verantwortungsbewusster sind, als es manche Politiker glauben. Nicht nur, wenn es um die Rente geht. Sie wissen genauso gut wie die Jungen, dass wir nicht unbegrenzt Schulden machen k\u00f6nnen. Dass wir eine Klimapolitik brauchen, die diesen Namen verdient. Dass wir eine Bildung brauchen, die niemanden aussiebt, bevor er sich beweisen kann. Dass wir unsere Wirtschaft begr\u00fcnen m\u00fcssen, soll auch in den n\u00e4chsten Jahrzehnten weltweit eine Rolle spielen. Deshalb sind Sie unsere Verb\u00fcndeten im Kampf um eine bessere Zukunft.<\/p>\n<p><strong><a title=\"Website www.gruene.de\" href=\"http:\/\/www.gruene.de\">Ihre Gr\u00fcnen <\/a><\/strong><\/p>\n<p><strong>Gr\u00fcn st\u00e4rken &#8211; damit sich was \u00e4ndert!<\/strong><\/p>\n","protected":false},"excerpt":{"rendered":"<p>die demografische Entwicklung sorgt daf\u00fcr, dass es immer mehr \u00e4ltere und immer weniger j\u00fcngere Menschen gibt. Leider reagieren die Parteien darauf nicht etwa mit neuen Konzepten, sondern mit populistischen Parolen.<\/p>\n","protected":false},"author":-1,"featured_media":0,"comment_status":"open","ping_status":"open","sticky":false,"template":"","format":"standard","meta":{"footnotes":""},"categories":[4],"tags":[],"class_list":["post-606","post","type-post","status-publish","format-standard","hentry","category-bundestagswahl"],"_links":{"self":[{"href":"https:\/\/gruene-schermbeck.de\/index.php?rest_route=\/wp\/v2\/posts\/606","targetHints":{"allow":["GET"]}}],"collection":[{"href":"https:\/\/gruene-schermbeck.de\/index.php?rest_route=\/wp\/v2\/posts"}],"about":[{"href":"https:\/\/gruene-schermbeck.de\/index.php?rest_route=\/wp\/v2\/types\/post"}],"author":[{"embeddable":true,"href":"https:\/\/gruene-schermbeck.de\/index.php?rest_route=\/wp\/v2\/users\/1"}],"replies":[{"embeddable":true,"href":"https:\/\/gruene-schermbeck.de\/index.php?rest_route=%2Fwp%2Fv2%2Fcomments&post=606"}],"version-history":[{"count":0,"href":"https:\/\/gruene-schermbeck.de\/index.php?rest_route=\/wp\/v2\/posts\/606\/revisions"}],"wp:attachment":[{"href":"https:\/\/gruene-schermbeck.de\/index.php?rest_route=%2Fwp%2Fv2%2Fmedia&parent=606"}],"wp:term":[{"taxonomy":"category","embeddable":true,"href":"https:\/\/gruene-schermbeck.de\/index.php?rest_route=%2Fwp%2Fv2%2Fcategories&post=606"},{"taxonomy":"post_tag","embeddable":true,"href":"https:\/\/gruene-schermbeck.de\/index.php?rest_route=%2Fwp%2Fv2%2Ftags&post=606"}],"curies":[{"name":"wp","href":"https:\/\/api.w.org\/{rel}","templated":true}]}}