{"id":615,"date":"2009-09-23T21:49:13","date_gmt":"2009-09-23T19:49:13","guid":{"rendered":"http:\/\/schermbeck.zeit-fuer-gruen.de\/?p=615"},"modified":"2009-09-23T21:49:13","modified_gmt":"2009-09-23T19:49:13","slug":"liebe-arbeitnehmerinnen-und-arrbeitnehmer","status":"publish","type":"post","link":"https:\/\/gruene-schermbeck.de\/?p=615","title":{"rendered":"Liebe Arbeitnehmerinnen und Arbeitnehmer,"},"content":{"rendered":"<p><strong>Guido Westerwelle und seine FDP versprechen Ihnen \u201eMehr Netto vom Brutto\u201c und, dass sich Leistung wieder lohnen m\u00fcsse. Hinter diesen sch\u00f6nen Parolen steckt die Behauptung, nach der Wahl die Steuern in Deutschland zu senken.<\/strong><\/p>\n<p>Doch wer profitiert eigentlich <!--more-->von niedrigeren Steuern? Es sind diejenigen, die sowieso mehr haben, als viele andere in unserer Gesellschaft: Wer wenig Geld verdient, zahlt sowieso weniger Steuern. Deshalb nutzt eine Steuersenkung nach dem Gie\u00dfkannenprinzip vielen von Ihnen nicht wirklich.<\/p>\n<p>Der Druck in unserer Gesellschaft nimmt zu: Wir alle sollen immer mehr leisten, haben aber gleichzeitig weniger Zeit f\u00fcr pers\u00f6nliche Bed\u00fcrfnisse und die Familie. Viele haben Angst vor Entlassung und damit einhergehender Armut. W\u00e4hrend Ihre Realeinkommen in den vergangenen Jahren stetig gesunken sind, sind die Kapitaleinkommen aus Aktien, Renditefonds und Anleihen drastisch gestiegen. Schlimmer noch: Viele von Ihnen erhalten L\u00f6hne, die zum Leben nicht reichen.<\/p>\n<p>Und die einzige Antwort darauf sollen Steuersenkungen f\u00fcr einige Wenige sein? Alle sollen \u00fcber einen Kamm geschoren werden, obwohl Ihre Erwartungen und Bed\u00fcrfnisse so verschieden sind? Und warum sagen FDP und CDU nicht, wie diese Geschenke finanziert werden sollen? Weil die Antwort lauten m\u00fcsste: Mit noch mehr K\u00fcrzungen im Sozialbereich, mit Verzicht auf wichtige Investitionen in Klima, Bildung und Gesundheit. Das alles zu Ihren Lasten.<\/p>\n<p>Wenn Schwarz-Gelb am 27. September eine Mehrheit erh\u00e4lt, wird der Druck noch zunehmen. In seinem versehentlich ver\u00f6ffentlichten Masterplan f\u00fcr die Zeit nach der Wahl hat Wirtschaftsminister zu Guttenberg neuerliche Einschr\u00e4nkungen beim K\u00fcndigungsschutz und seine Absage an einen Mindestlohn bereits angek\u00fcndigt.<\/p>\n<p>Wir Gr\u00fcne halten mit gezielten Ma\u00dfnahmen dagegen. Und wir scheren Sie nicht \u00fcber einen Kamm. Wir wollen:<\/p>\n<ul>\n<li> dass auch Sie, liebe Besch\u00e4ftigte in kleinen Unternehmen, weiterhin Anspruch auf einen angemessenen K\u00fcndigungsschutz haben.<\/li>\n<li>dass Sie, liebe Geringverdienenden, einen allgemeinen Mindestlohn in H\u00f6he von wenigstens 7,50 Euro pro Stunde erhalten und dass mit unserem Progressivlohnmodell Ihre Einkommen von den Lohnnebenkosten entlastet werden. Damit wandeln wir geringf\u00fcgige Besch\u00e4ftigungsverh\u00e4ltnisse in vollwertige Arbeitspl\u00e4tze um.<\/li>\n<li>dass alle von Ihnen mit Hilfe unserer B\u00fcrgerversicherung eine bezahlbare und gerechte Krankenversicherung erhalten.<\/li>\n<li>dass Ihre Arbeitspl\u00e4tze, liebe Industriearbeiterinnen und Industriearbeiter, mit gr\u00fcner Industriepolitik gesichert werden, denn diese haben nur dann eine Zukunft, wenn wir in Deutschland nachhaltige, effiziente, innovative Produkte herstellen, die der Nachfrage von Morgen gerecht werden.<\/li>\n<li>dass Sie, liebe Teilzeitkr\u00e4fte, einen Rechtsanspruch auf Kinderbetreuung vom ersten Tag an haben, damit Familie und Beruf wieder vereinbar sind.<\/li>\n<li>dass f\u00fcr Sie, liebe Arbeitslose, mit unserem Konzept f\u00fcr eine Million neue Jobs in den Bereichen Erneuerbare Energien, Klimaschutz, Bildung und im Gesundheitswesen neue Perspektiven geschaffen werden.<\/li>\n<li>f\u00fcr diejenigen von Ihnen, die seit l\u00e4ngerem ohne Arbeit sind: Eine Anhebung des Arbeitslosengeldes II auf zun\u00e4chst 420 Euro, ein besserer Schutz der privaten Altersvorsorge, weniger G\u00e4ngelung und verbesserte Vermittlung und F\u00f6rderung, unter anderem durch 60.000 langfristig staatlich gef\u00f6rderte Stellen, um Langzeitsarbeitslose wieder in den Arbeitsmarkt zu integrieren.<\/li>\n<\/ul>\n<p>Sie alle haben am 27. September die Wahl zwischen den alten neoliberalen Rezepten, die uns in die schlimmste Wirtschaftskrise seit 1929 gef\u00fchrt haben, und dem Neuen Gr\u00fcnen Gesellschaftsvertrag. Wir Gr\u00fcne sagen: Weiter so kann es nicht gehen.<\/p>\n<p><strong><a href=\"http:\/\/www.gruene.de\">Ihre Gr\u00fcnen<\/a><\/strong><\/p>\n<p><strong>Gr\u00fcn st\u00e4rken &#8211; damit sich was \u00e4ndert!<\/strong><\/p>\n","protected":false},"excerpt":{"rendered":"<p>Guido Westerwelle und seine FDP versprechen Ihnen \u201eMehr Netto vom Brutto\u201c und, dass sich Leistung wieder lohnen m\u00fcsse. Hinter diesen sch\u00f6nen Parolen steckt die Behauptung, nach der Wahl die Steuern [&hellip;]<\/p>\n","protected":false},"author":-1,"featured_media":0,"comment_status":"open","ping_status":"open","sticky":false,"template":"","format":"standard","meta":{"footnotes":""},"categories":[4],"tags":[],"class_list":["post-615","post","type-post","status-publish","format-standard","hentry","category-bundestagswahl"],"_links":{"self":[{"href":"https:\/\/gruene-schermbeck.de\/index.php?rest_route=\/wp\/v2\/posts\/615","targetHints":{"allow":["GET"]}}],"collection":[{"href":"https:\/\/gruene-schermbeck.de\/index.php?rest_route=\/wp\/v2\/posts"}],"about":[{"href":"https:\/\/gruene-schermbeck.de\/index.php?rest_route=\/wp\/v2\/types\/post"}],"author":[{"embeddable":true,"href":"https:\/\/gruene-schermbeck.de\/index.php?rest_route=\/wp\/v2\/users\/1"}],"replies":[{"embeddable":true,"href":"https:\/\/gruene-schermbeck.de\/index.php?rest_route=%2Fwp%2Fv2%2Fcomments&post=615"}],"version-history":[{"count":0,"href":"https:\/\/gruene-schermbeck.de\/index.php?rest_route=\/wp\/v2\/posts\/615\/revisions"}],"wp:attachment":[{"href":"https:\/\/gruene-schermbeck.de\/index.php?rest_route=%2Fwp%2Fv2%2Fmedia&parent=615"}],"wp:term":[{"taxonomy":"category","embeddable":true,"href":"https:\/\/gruene-schermbeck.de\/index.php?rest_route=%2Fwp%2Fv2%2Fcategories&post=615"},{"taxonomy":"post_tag","embeddable":true,"href":"https:\/\/gruene-schermbeck.de\/index.php?rest_route=%2Fwp%2Fv2%2Ftags&post=615"}],"curies":[{"name":"wp","href":"https:\/\/api.w.org\/{rel}","templated":true}]}}