{"id":629,"date":"2009-09-25T19:38:35","date_gmt":"2009-09-25T17:38:35","guid":{"rendered":"http:\/\/schermbeck.zeit-fuer-gruen.de\/?p=629"},"modified":"2013-06-14T13:17:45","modified_gmt":"2013-06-14T11:17:45","slug":"liebe-unentschlossene","status":"publish","type":"post","link":"https:\/\/gruene-schermbeck.de\/?p=629","title":{"rendered":"Liebe Unentschlossene,"},"content":{"rendered":"<p><strong>Sie wollen am 27. September zur Wahl gehen, wissen aber nicht genau, welche Partei Sie w\u00e4hlen sollen? Geben Sie uns ein paar Minuten, um Sie zu \u00fcberzeugen.<\/strong><\/p>\n<p><strong>Fragen Sie sich vielleicht, ob Sie die Gr\u00fcnen oder die SPD w\u00e4hlen sollen?<\/strong><\/p>\n<p>Dann haben wir ein gemeinsames Ziel: Wir wollen Schwarz-Gelb verhindern. <!--more-->Wir wollen keine Atomkraft, keine soziale K\u00e4lte, keinen \u00dcberwachungsstaat und bessere Bildung f\u00fcr alle Kinder.<\/p>\n<p>Wir haben alle Chancen, das zu schaffen, denn der Vorsprung von CDU\/CSU und FDP in den Umfragen br\u00f6ckelt. Wir wollen gemeinsam mit der SPD regieren. Wir Gr\u00fcne sind der Garant, dass Deutschland wieder zum Vorreiter im Klimaschutz wird, dass eine Energiewende stattfindet und die Wirtschaft auf einen gr\u00fcnen, ressourcenschonenden Wachstumskurs gelangt.<\/p>\n<p>Ohne starke Gr\u00fcne an ihrer Seite fehlt der SPD aber ihr \u00d6ko-Motor. Das sieht man auch daran, dass sie noch immer auf den Klimakiller Kohlekraft setzt. Ohne Gr\u00fcne an ihrer Seite hat die SPD in vier Jahren gro\u00dfer Koalition wenig bis nichts f\u00fcr soziale Gerechtigkeit, Klimaschutz, den Ausstieg aus der Atomkraft, den Schutz der B\u00fcrgerrechte oder mehr Bildung erreicht. Im Gegenteil: An vielen Stellen hat sie Stillstand oder gar R\u00fcckschritt hingenommen.<\/p>\n<p>Sollte die SPD nach der Wahl wieder in die Arme von Angela Merkel fl\u00fcchten, ist eine starke gr\u00fcne Opposition umso wichtiger. Deshalb: W\u00e4hlen Sie am 27. September GR\u00dcN! Wir sind die treibende Kraft f\u00fcr eine nachhaltige Politik.<\/p>\n<p><strong>Sie schwanken zwischen Gr\u00fcnen und CDU\/CSU? <\/strong><\/p>\n<p>Zugegeben: Die Damen Merkel und von der Leyen geben sich ja mitunter ganz sch\u00f6n modern. Doch Sie und wir wissen, was wir von der Union nicht bekommen: Klimaschutz. Gesundes, gentechnikfreies Essen. Eine fortschrittliche Frauen- und Familienpolitik. Eine moderne, nachhaltige Wirtschaftspolitik. Den Atomausstieg.<\/p>\n<p>Sind Sie neugierig geworden? Dann lesen Sie doch unsere Briefe an die Verbraucherinnen und Verbraucher, die Frauen, die Unternehmerinnen und Unternehmer oder die Bev\u00f6lkerung der Carteret-Inseln. Und wenn die Sie \u00fcberzeugen, sollte Ihnen am 27. September die Entscheidung leicht fallen.<\/p>\n<p><strong>Sie entscheiden sich zwischen Gr\u00fcnen und Linkspartei? <\/strong><\/p>\n<p>Dann verbindet uns der Wunsch, dass es in Deutschland gerechter zugeht. Dass sich die Schere zwischen Arm und Reich wieder schlie\u00dft. Dass Menschen von ihrer Arbeit leben k\u00f6nnen. Dass gr\u00f6\u00dfere Verm\u00f6gen st\u00e4rker zur Finanzierung \u00f6ffentlicher Aufgaben herangezogen werden.<\/p>\n<p>Zwei Dinge aber trennen uns Gr\u00fcne von der Linkspartei.<\/p>\n<p>Zum einen l\u00e4sst sich Gerechtigkeit in Deutschland nicht erreichen, indem man den Menschen das Blaue vom Himmel verspricht. Oder glauben Sie an die Parole \u201eReichtum f\u00fcr alle\u201c auf dem Plakat von Gregor Gysi?<\/p>\n<p>Zum anderen wissen wir, dass sich Gerechtigkeit in einer globalisierten Welt nur mit einem starken Europa und durch einen fairen Ausgleich mit den L\u00e4ndern des S\u00fcdens erreichen l\u00e4sst. Der Isolationismus und Protektionismus, den Oskar Lafontaine fordert, gef\u00e4hrdet unseren Wohlstand und versch\u00e4rft Hunger und Armut in den sogenannten Entwicklungsl\u00e4ndern. Moderne linke Politiker wie der Attac-Begr\u00fcnder Sven Giegold haben sich auch aus diesem Grund f\u00fcr die Gr\u00fcnen und gegen die Linkspartei entschieden. Tun Sie es auch!<\/p>\n<p>Und es gibt noch ein weiteres Argument gegen die Linkspartei: Bewusstes Fischen am rechten Rand \u2013 wie es Oskar Lafontaine im letzten und auch diesem Wahlkampf getan hat \u2013 das ist unmoralisch und spielt den Nazis in die H\u00e4nde. Bestrafen Sie solchen Populismus!<\/p>\n<p><strong>Sie schwanken zwischen Gr\u00fcnen und der FDP?<\/strong><\/p>\n<p>Dann sind Sie aller Wahrscheinlichkeit nach selbstst\u00e4ndig, verdienen nicht schlecht und sind \u00fcberdurchschnittlich gebildet. Sie lieben die Freiheit. Genau wie wir.<\/p>\n<p>Wir glauben aber: Ohne eine Teilhabe aller an Bildung, Arbeit, Gesundheit und Einkommen bleibt Freiheit ein leeres Versprechen. Wir wollen, dass die Freiheit und der Wohlstand, die wir heute genie\u00dfen, auch unseren Kindern und Enkelkinder zugute kommt. Wollen Sie das auch? Dann sollten Sie nicht FDP, sondern Gr\u00fcne w\u00e4hlen!<\/p>\n<p><strong>Wir hoffen, wir konnten Sie \u00fcberzeugen, am 27. September gr\u00fcn zu w\u00e4hlen.<\/strong><\/p>\n<p>Oder zweifeln Sie noch immer? Dann haben wir eine Idee: Wir Gr\u00fcne sind vom 24. September, 18.00 Uhr bis zum 27. September, 18.00 Uhr rund um die Uhr wach, um jede Ihrer Fragen live zu beantworten. Schauen Sie doch einfach vorbei: <a href=\"http:\/\/dreitagewach.gruene.de\">dreitagewach.gruene.de<\/a>.<\/p>\n<p><a href=\"http:\/\/www.gruene.de\"><strong>Ihre Gr\u00fcnen <\/strong><\/a><\/p>\n","protected":false},"excerpt":{"rendered":"<p>Sie wollen am 27. September zur Wahl gehen, wissen aber nicht genau, welche Partei Sie w\u00e4hlen sollen? Geben Sie uns ein paar Minuten, um Sie zu \u00fcberzeugen. Fragen Sie sich [&hellip;]<\/p>\n","protected":false},"author":-1,"featured_media":0,"comment_status":"closed","ping_status":"closed","sticky":false,"template":"","format":"standard","meta":{"footnotes":""},"categories":[4],"tags":[],"class_list":["post-629","post","type-post","status-publish","format-standard","hentry","category-bundestagswahl"],"_links":{"self":[{"href":"https:\/\/gruene-schermbeck.de\/index.php?rest_route=\/wp\/v2\/posts\/629","targetHints":{"allow":["GET"]}}],"collection":[{"href":"https:\/\/gruene-schermbeck.de\/index.php?rest_route=\/wp\/v2\/posts"}],"about":[{"href":"https:\/\/gruene-schermbeck.de\/index.php?rest_route=\/wp\/v2\/types\/post"}],"author":[{"embeddable":true,"href":"https:\/\/gruene-schermbeck.de\/index.php?rest_route=\/wp\/v2\/users\/1"}],"replies":[{"embeddable":true,"href":"https:\/\/gruene-schermbeck.de\/index.php?rest_route=%2Fwp%2Fv2%2Fcomments&post=629"}],"version-history":[{"count":2,"href":"https:\/\/gruene-schermbeck.de\/index.php?rest_route=\/wp\/v2\/posts\/629\/revisions"}],"predecessor-version":[{"id":2514,"href":"https:\/\/gruene-schermbeck.de\/index.php?rest_route=\/wp\/v2\/posts\/629\/revisions\/2514"}],"wp:attachment":[{"href":"https:\/\/gruene-schermbeck.de\/index.php?rest_route=%2Fwp%2Fv2%2Fmedia&parent=629"}],"wp:term":[{"taxonomy":"category","embeddable":true,"href":"https:\/\/gruene-schermbeck.de\/index.php?rest_route=%2Fwp%2Fv2%2Fcategories&post=629"},{"taxonomy":"post_tag","embeddable":true,"href":"https:\/\/gruene-schermbeck.de\/index.php?rest_route=%2Fwp%2Fv2%2Ftags&post=629"}],"curies":[{"name":"wp","href":"https:\/\/api.w.org\/{rel}","templated":true}]}}