{"id":649,"date":"2009-09-28T11:33:01","date_gmt":"2009-09-28T09:33:01","guid":{"rendered":"http:\/\/schermbeck.zeit-fuer-gruen.de\/?p=649"},"modified":"2009-09-28T11:33:01","modified_gmt":"2009-09-28T09:33:01","slug":"bundestagswahl","status":"publish","type":"post","link":"https:\/\/gruene-schermbeck.de\/?p=649","title":{"rendered":"Bundestagswahl"},"content":{"rendered":"<p>Wir Gr\u00fcnen haben auch in Schermbeck gut zugelegt. Vielen Dank allen unseren Helfern und Unterst\u00fctzern, aber besonders unseren W\u00e4hlerinnen und W\u00e4hlern.<\/p>\n<p>Leider ist das 2. Wahlziel, Schwarz-Gelb zu verhindern, nicht erreicht worden. Was das f\u00fcr Auswirkungen hat, wird sich sehr schnell zeigen. Bereits heute hat das Pr\u00e4sidiumsmitglied der CDU Katherina Reiche im Morgenmagazin angek\u00fcndigt, dass es bald den Beschluss zur Verl\u00e4ngerung der Laufzeiten der alten maroden Kernkraftwerke geben wird.<\/p>\n<p>Wir Gr\u00fcne in Schermbeck und anderswo werden uns dagegen wehren, dass die Zukunft unserer Kinder mit einer so hohen Hypothek belastet wird. Denn nach wie vor gilt: F\u00fcr den Atomm\u00fcll gibt es keine geeigneten Lagerst\u00e4tten. Dies ist nur eines der vielen Themen, bei denen wir Nachteile f\u00fcr gro\u00dfe Teile der Bev\u00f6lkerung bef\u00fcrchten.<\/p>\n<p>Seien Sie nun W\u00e4hler, Unentschlossene, Nichtw\u00e4hler, Arbeitnehmer oder Rentner &#8211; wir lassen unsere offenen Briefe an Sie auf dieser Website zum Nachlesen stehen.<\/p>\n","protected":false},"excerpt":{"rendered":"<p>Wir Gr\u00fcnen haben auch in Schermbeck gut zugelegt. Vielen Dank allen unseren Helfern und Unterst\u00fctzern, aber besonders unseren W\u00e4hlerinnen und W\u00e4hlern. Leider ist das 2. Wahlziel, Schwarz-Gelb zu verhindern, nicht [&hellip;]<\/p>\n","protected":false},"author":-1,"featured_media":0,"comment_status":"open","ping_status":"open","sticky":false,"template":"","format":"standard","meta":{"footnotes":""},"categories":[4],"tags":[],"class_list":["post-649","post","type-post","status-publish","format-standard","hentry","category-bundestagswahl"],"_links":{"self":[{"href":"https:\/\/gruene-schermbeck.de\/index.php?rest_route=\/wp\/v2\/posts\/649","targetHints":{"allow":["GET"]}}],"collection":[{"href":"https:\/\/gruene-schermbeck.de\/index.php?rest_route=\/wp\/v2\/posts"}],"about":[{"href":"https:\/\/gruene-schermbeck.de\/index.php?rest_route=\/wp\/v2\/types\/post"}],"author":[{"embeddable":true,"href":"https:\/\/gruene-schermbeck.de\/index.php?rest_route=\/wp\/v2\/users\/1"}],"replies":[{"embeddable":true,"href":"https:\/\/gruene-schermbeck.de\/index.php?rest_route=%2Fwp%2Fv2%2Fcomments&post=649"}],"version-history":[{"count":0,"href":"https:\/\/gruene-schermbeck.de\/index.php?rest_route=\/wp\/v2\/posts\/649\/revisions"}],"wp:attachment":[{"href":"https:\/\/gruene-schermbeck.de\/index.php?rest_route=%2Fwp%2Fv2%2Fmedia&parent=649"}],"wp:term":[{"taxonomy":"category","embeddable":true,"href":"https:\/\/gruene-schermbeck.de\/index.php?rest_route=%2Fwp%2Fv2%2Fcategories&post=649"},{"taxonomy":"post_tag","embeddable":true,"href":"https:\/\/gruene-schermbeck.de\/index.php?rest_route=%2Fwp%2Fv2%2Ftags&post=649"}],"curies":[{"name":"wp","href":"https:\/\/api.w.org\/{rel}","templated":true}]}}