{"id":671,"date":"2009-10-27T11:46:52","date_gmt":"2009-10-27T09:46:52","guid":{"rendered":"http:\/\/schermbeck.zeit-fuer-gruen.de\/?p=671"},"modified":"2009-10-27T11:46:52","modified_gmt":"2009-10-27T09:46:52","slug":"kungelei-zwischen-spd-und-cdu","status":"publish","type":"post","link":"https:\/\/gruene-schermbeck.de\/?p=671","title":{"rendered":"Kungelei zwischen SPD und CDU"},"content":{"rendered":"<p>Leider machen die <strong>Kungelei um die Wahl des ersten B\u00fcrgermeisterstellvertreters<\/strong> und die bereits vor der Kommunalwahl erfolgten Absprachen zwischen SPD und CDU wenig Hoffnung darauf, dass wir unsere Oppositionsarbeit auf etwas breitere F\u00fc\u00dfe stellen k\u00f6nnen. Wir werden also auch weiterhin die einzige Partei im Rat bleiben, die sich \u00f6kologischen und sozialen Zielen sowie den B\u00fcrgerrechten gegen\u00fcber verpflichtet f\u00fchlt. Trotzdem werden wir eine schlagkr\u00e4ftige Opposition organisieren und unsere W\u00e4hler und W\u00e4hlerinnen nicht entt\u00e4uschen.<\/p>\n","protected":false},"excerpt":{"rendered":"<p>Leider machen die Kungelei um die Wahl des ersten B\u00fcrgermeisterstellvertreters und die bereits vor der Kommunalwahl erfolgten Absprachen zwischen SPD und CDU wenig Hoffnung darauf, dass wir unsere Oppositionsarbeit auf [&hellip;]<\/p>\n","protected":false},"author":-1,"featured_media":0,"comment_status":"open","ping_status":"open","sticky":false,"template":"","format":"standard","meta":{"footnotes":""},"categories":[10],"tags":[43,93,97],"class_list":["post-671","post","type-post","status-publish","format-standard","hentry","category-gemeindepolitik","tag-buergermeisterstellvertreter","tag-kommunalwahl","tag-kungelei"],"_links":{"self":[{"href":"https:\/\/gruene-schermbeck.de\/index.php?rest_route=\/wp\/v2\/posts\/671","targetHints":{"allow":["GET"]}}],"collection":[{"href":"https:\/\/gruene-schermbeck.de\/index.php?rest_route=\/wp\/v2\/posts"}],"about":[{"href":"https:\/\/gruene-schermbeck.de\/index.php?rest_route=\/wp\/v2\/types\/post"}],"author":[{"embeddable":true,"href":"https:\/\/gruene-schermbeck.de\/index.php?rest_route=\/wp\/v2\/users\/1"}],"replies":[{"embeddable":true,"href":"https:\/\/gruene-schermbeck.de\/index.php?rest_route=%2Fwp%2Fv2%2Fcomments&post=671"}],"version-history":[{"count":0,"href":"https:\/\/gruene-schermbeck.de\/index.php?rest_route=\/wp\/v2\/posts\/671\/revisions"}],"wp:attachment":[{"href":"https:\/\/gruene-schermbeck.de\/index.php?rest_route=%2Fwp%2Fv2%2Fmedia&parent=671"}],"wp:term":[{"taxonomy":"category","embeddable":true,"href":"https:\/\/gruene-schermbeck.de\/index.php?rest_route=%2Fwp%2Fv2%2Fcategories&post=671"},{"taxonomy":"post_tag","embeddable":true,"href":"https:\/\/gruene-schermbeck.de\/index.php?rest_route=%2Fwp%2Fv2%2Ftags&post=671"}],"curies":[{"name":"wp","href":"https:\/\/api.w.org\/{rel}","templated":true}]}}